{"id":72706,"date":"2025-10-13T05:00:00","date_gmt":"2025-10-13T10:00:00","guid":{"rendered":"https:\/\/iglesiapalabrapura.com\/site\/?p=72706"},"modified":"2025-09-30T17:35:42","modified_gmt":"2025-09-30T22:35:42","slug":"la-cultura-de-la-palabra-de-dios","status":"publish","type":"post","link":"https:\/\/iglesiapalabrapura.com\/site\/2025\/10\/13\/la-cultura-de-la-palabra-de-dios\/","title":{"rendered":"La Cultura de la Palabra de Dios"},"content":{"rendered":"<p>El reto para los creyentes no es simplemente conocer la Palabra, sino vivirla con poder. No basta con citar vers\u00edculos, asistir a reuniones o hablar con elocuencia. Dios nos est\u00e1 llamando a establecer una cultura basada en la Palabra de Dios, una cultura que transforma el pensamiento, renueva el coraz\u00f3n y manifiesta el poder del Esp\u00edritu Santo en la vida diaria.<\/p><p>El Ap\u00f3stol Pablo escribe en Romanos 12:2:<\/p><p>\u201cNo os conform\u00e9is a este siglo, sino transformaos por medio de la renovaci\u00f3n de vuestro entendimiento\u2026\u201d (RVR).<\/p><p>La Palabra de Dios no fue dada para entretener intelectos, sino para renovar mentes y cambiar vidas. Esta es la base de la cultura que debemos establecer: una cultura donde la Palabra no sea algo externo, religioso o formal, sino una semilla viva que produce fruto visible en quienes la reciben y la obedecen.<\/p><p>El problema de muchos es que est\u00e1n m\u00e1s comprometidos con tradiciones humanas que con la verdad de las Escrituras. Han aprendido a hablar el lingo cristiano, pero no han experimentado el poder que transforma. La cultura de la Palabra nos reta a rendirnos al proceso interno que el Esp\u00edritu Santo realiza cuando aplicamos la Palabra en cada decisi\u00f3n, relaci\u00f3n y reacci\u00f3n.<\/p><p>En Hechos 17, vemos a Pablo en Atenas, una ciudad conocida por su conocimiento, filosof\u00eda y debates intelectuales. Pablo, con toda su preparaci\u00f3n, present\u00f3 el mensaje con sabidur\u00eda y profundidad, pero el resultado fue limitado: \u201calgunos pocos creyeron\u201d. A pesar de su excelente argumento, la Palabra no produjo fruto abundante.<\/p><p>\u00bfPor qu\u00e9? Porque aunque la predicaci\u00f3n fue correcta, falt\u00f3 la manifestaci\u00f3n del poder. Pablo intent\u00f3 convencer a los atenienses a trav\u00e9s del razonamiento, pero no fue suficiente. Esto le llev\u00f3 a una profunda reflexi\u00f3n.<\/p><p>Luego de Atenas, Pablo lleg\u00f3 a Corinto con un nuevo enfoque, que lo expres\u00f3 en una de sus Cartas:<\/p><p><strong>1 CORINTIOS 2:1-2, 4 (RVR)<\/strong>&nbsp;\u201cAs\u00ed que, hermanos, cuando fui a vosotros para anunciaros el testimonio de Dios, no fui con excelencia de palabras o de sabidur\u00eda\u2026 me propuse no saber entre vosotros cosa alguna sino a Jesucristo, y a este crucificado\u2026mi predicaci\u00f3n fue con palabras persuasivas de humana sabidur\u00eda, sino con demostraci\u00f3n del Esp\u00edritu y de poder\u201d<\/p><p>Pablo decidi\u00f3 no confiar m\u00e1s en su capacidad de argumentar, sino en la eficacia sobrenatural de la Palabra respaldada por el Esp\u00edritu Santo. Ya no se trataba de hablar bien, sino de vivir con evidencia. Ya no bastaba con exponer teolog\u00eda, hab\u00eda que mostrar transformaci\u00f3n.<\/p><p>En nuestro mundo, el conocimiento se separa f\u00e1cilmente de la pr\u00e1ctica. Hay maestros de teolog\u00eda que nunca han pastoreado, profesores de psicolog\u00eda que nunca han tratado pacientes, l\u00edderes religiosos que predican lo que no han vivido. Pero en la cultura de la Palabra, el conocimiento debe ir acompa\u00f1ado de experiencia.<\/p><p>La Biblia usa la palabra \u201cconocer\u201d no solo como concepto intelectual, sino como vivencia \u00edntima. En G\u00e9nesis, cuando dice que \u201cAd\u00e1n conoci\u00f3 a Eva\u201d, no fue un saludo, fue una uni\u00f3n profunda. As\u00ed tambi\u00e9n debe ser nuestro conocimiento de Dios: no solo una informaci\u00f3n que repetimos, sino una experiencia que transforma.<\/p><p><strong>ROMANOS 1:16 (RVR) <\/strong>\u201cPorque no me averg\u00fcenzo del evangelio, porque es poder de Dios para salvaci\u00f3n\u201d<\/p><p>El Evangelio no es solo conocimiento. Es poder. Es experiencia. Es transformaci\u00f3n.<\/p><p>Dios nos est\u00e1 llamando a que nuestras vidas reflejen la autoridad y la realidad de Su Palabra. No solo saberla, sino vivirla. No solo hablarla, sino demostrarla.<\/p><p>En cada decisi\u00f3n diaria, tenemos dos opciones: vivir seg\u00fan lo que sentimos o seg\u00fan lo que Dios dice. Y cada vez que escogemos lo que la Palabra ense\u00f1a, aun en cosas peque\u00f1as, estamos dejando que el poder de Dios se manifieste en nosotros.<\/p><p>No estamos llamados a ser solo repetidores de vers\u00edculos, sino testigos del poder de la Palabra. Como Pablo, debemos pasar del conocimiento a la experiencia, de las palabras a la vida, de la teor\u00eda a la transformaci\u00f3n.<\/p><p>La cultura que debemos establecer \u2014en nuestras casas, Iglesias y corazones\u2014 es una cultura de la Palabra de Dios, donde cada creyente no solo sepa lo que dice la Biblia, sino viva lo que ense\u00f1a. Una cultura donde el Evangelio no se queda en las p\u00e1ginas, sino se manifiesta con poder en nuestras decisiones, relaciones y testimonios.\u00a0<\/p><p><\/p>","protected":false},"excerpt":{"rendered":"<p>El reto para los creyentes no es simplemente conocer la Palabra, sino vivirla con poder. No basta con citar vers\u00edculos, asistir a reuniones o hablar con elocuencia. Dios nos est\u00e1 llamando a establecer una cultura basada en la Palabra de Dios, una cultura que transforma el pensamiento, renueva el coraz\u00f3n y manifiesta el poder del Esp\u00edritu Santo en la vida diaria.<\/p>\n","protected":false},"author":5,"featured_media":72707,"comment_status":"open","ping_status":"open","sticky":false,"template":"","format":"standard","meta":{"footnotes":""},"categories":[50],"tags":[1053,1225,277],"class_list":["post-72706","post","type-post","status-publish","format-standard","has-post-thumbnail","hentry","category-articulo","tag-articulo","tag-la-cultura-de-la-palabra-de-dios","tag-pastor-rafael-lemes"],"_links":{"self":[{"href":"https:\/\/iglesiapalabrapura.com\/site\/wp-json\/wp\/v2\/posts\/72706","targetHints":{"allow":["GET"]}}],"collection":[{"href":"https:\/\/iglesiapalabrapura.com\/site\/wp-json\/wp\/v2\/posts"}],"about":[{"href":"https:\/\/iglesiapalabrapura.com\/site\/wp-json\/wp\/v2\/types\/post"}],"author":[{"embeddable":true,"href":"https:\/\/iglesiapalabrapura.com\/site\/wp-json\/wp\/v2\/users\/5"}],"replies":[{"embeddable":true,"href":"https:\/\/iglesiapalabrapura.com\/site\/wp-json\/wp\/v2\/comments?post=72706"}],"version-history":[{"count":1,"href":"https:\/\/iglesiapalabrapura.com\/site\/wp-json\/wp\/v2\/posts\/72706\/revisions"}],"predecessor-version":[{"id":72708,"href":"https:\/\/iglesiapalabrapura.com\/site\/wp-json\/wp\/v2\/posts\/72706\/revisions\/72708"}],"wp:featuredmedia":[{"embeddable":true,"href":"https:\/\/iglesiapalabrapura.com\/site\/wp-json\/wp\/v2\/media\/72707"}],"wp:attachment":[{"href":"https:\/\/iglesiapalabrapura.com\/site\/wp-json\/wp\/v2\/media?parent=72706"}],"wp:term":[{"taxonomy":"category","embeddable":true,"href":"https:\/\/iglesiapalabrapura.com\/site\/wp-json\/wp\/v2\/categories?post=72706"},{"taxonomy":"post_tag","embeddable":true,"href":"https:\/\/iglesiapalabrapura.com\/site\/wp-json\/wp\/v2\/tags?post=72706"}],"curies":[{"name":"wp","href":"https:\/\/api.w.org\/{rel}","templated":true}]}}