{"id":74078,"date":"2026-05-01T05:00:00","date_gmt":"2026-05-01T10:00:00","guid":{"rendered":"https:\/\/iglesiapalabrapura.com\/site\/?p=74078"},"modified":"2026-04-27T17:52:36","modified_gmt":"2026-04-27T22:52:36","slug":"testimonios-92","status":"publish","type":"post","link":"https:\/\/iglesiapalabrapura.com\/site\/2026\/05\/01\/testimonios-92\/","title":{"rendered":"TESTIMONIOS"},"content":{"rendered":"<h2 class=\"wp-block-heading\"><p class=\"15\"><\/p><strong><strong><strong><strong><strong><strong><strong><strong><strong><strong><strong><strong><strong><strong><strong>TEN\u00cdA LAS V\u00cdAS BILIARES OBSTRUIDAS POR UN QUISTE<\/strong><\/strong><\/strong><\/strong><\/strong><\/strong><\/strong><\/strong><\/strong><\/strong><\/strong><\/strong><\/strong><\/strong><\/strong><p class=\"15\"><\/p><\/h2><p>Mi nombre es Beatriz Consuelo de Pi\u00f1a, miembro presencial de Iglesia Palabra Pura, y hoy quiero compartir con ustedes mi testimonio de sanidad, para la Gloria y la Honra de nuestro Se\u00f1or.<\/p><p>Esto sucedi\u00f3 hacia mediados de septiembre de 2025. Yo ven\u00eda atravesando episodios muy fuertes de indisposici\u00f3n que se repet\u00edan casi cada mes o cada dos meses. En esas crisis quedaba completamente en cama, sin fuerzas, sin deseos de comer, de hablar ni siquiera de orar. Fue una etapa muy dif\u00edcil, al punto que en dos ocasiones tuve que suspender las clases de&nbsp;discipulados cuando ya estaba a una o dos clases de terminarlos.<\/p><p>Recuerdo que una tarde de septiembre tuve un dolor muy fuerte en la parte superior del vientre, al lado izquierdo. El dolor fue aumentando tanto que me imped\u00eda respirar. Estaba con mi hija, ella se alarm\u00f3, llam\u00f3 al m\u00e9dico y \u00e9l vino a revisarme. Aunque el dolor cedi\u00f3 un poco, me mand\u00f3 ex\u00e1menes urgentes porque hab\u00eda un s\u00edntoma que consideraba alarmante.<\/p><p>Fui a la cl\u00ednica, me evaluaron nuevamente y me dejaron para realizar todos los ex\u00e1menes. Despu\u00e9s de casi siete horas de espera, medicada y en observaci\u00f3n, el m\u00e9dico sali\u00f3 con un diagn\u00f3stico preocupante. Con una actitud muy seria me dijo: \u201cUsted est\u00e1 muy mal, se\u00f1ora. La tenemos que dejar hospitalizada y hacerle m\u00e1s pruebas porque los resultados salieron muy mal\u201d.<\/p><p>El diagn\u00f3stico fue que ten\u00eda las v\u00edas biliares obstruidas por un quiste. Seg\u00fan los m\u00e9dicos, esto es algo muy delicado, porque cuando las v\u00edas biliares se obstruyen puede afectar todo el organismo. Y los s\u00edntomas realmente eran muy fuertes y desagradables: una hinchaz\u00f3n constante, la sensaci\u00f3n de que me iba a explotar, y cada vez que com\u00eda algo, todo me ca\u00eda mal. Era una condici\u00f3n muy inc\u00f3moda y angustiante.<\/p><p>En ese momento sent\u00ed un shock muy fuerte. El miedo lleg\u00f3 a mi mente, y con \u00e9l, muchos pensamientos negativos: que era por la edad, que tal vez ya mi tiempo hab\u00eda llegado, que Dios quiz\u00e1s me quer\u00eda llevar. Fue un momento de mucho temor y confusi\u00f3n.<\/p><p>Pero ya en la noche, estando hospitalizada, vino algo muy poderoso a mi mente: record\u00e9&nbsp;la Escuela de Sanidad. Empec\u00e9 a recordar esas verdades que nos ense\u00f1aron. Entend\u00ed y me repet\u00eda una y otra vez que la enfermedad no es una prueba del Se\u00f1or, no es Su voluntad, no es una bendici\u00f3n, sino una maldici\u00f3n que Cristo ya llev\u00f3 en la cruz. Record\u00e9 que la sanidad es m\u00eda, que es mi herencia, que me pertenece.<\/p><p>Comenc\u00e9 entonces a declarar mi sanidad, a creerla y a dar gracias a Dios. Rechac\u00e9 todo diagn\u00f3stico y todo s\u00edntoma. Tambi\u00e9n record\u00e9 una ense\u00f1anza del Pastor Rafael &nbsp;Lemes sobre el poder de la lengua, y c\u00f3mo al no controlarla podemos traer consecuencias a nuestra vida. Vino a mi mente el vers\u00edculo de Proverbios 18:21, y entend\u00ed que muchas veces hab\u00eda hablado mal, sin darme cuenta.<\/p><p>Ese fue un momento clave para m\u00ed. Decid\u00ed comenzar a hablar vida, no solo sobre m\u00ed, sino tambi\u00e9n sobre las personas a mi alrededor. Empec\u00e9 a compartirles de Jesucristo, de lo que \u00c9l ya hizo por nosotros, de que somos sanos, restaurados, y que en \u00c9l somos justos. Comprend\u00ed que no hay t\u00e9rminos medios: o hablamos vida o hablamos muerte.<\/p><p>Al tercer o cuarto d\u00eda hospitalizada, algo empez\u00f3 a cambiar: mi cuerpo comenz\u00f3 a responder. Al quinto d\u00eda me dieron de alta. Desde el momento en que empec\u00e9 a declarar y creer por mi sanidad, el dolor desapareci\u00f3, y tom\u00e9 la decisi\u00f3n de no seguir recibiendo m\u00e1s medicamentos porque ya no los necesitaba.<\/p><p>Hab\u00eda una resonancia magn\u00e9tica pendiente, pero no me la pod\u00edan realizar porque seg\u00fan los ex\u00e1menes mis ri\u00f1ones no estaban bien. Finalmente, me dieron la cita para el 5 de enero de 2026.<\/p><p>En medio de ese proceso, tuve la oportunidad de leer libros que fueron de gran bendici\u00f3n para mi vida, como \u201cJesucristo tambi\u00e9n vino a sanar\u201d (del Pastor Rafael Lemes) y \u201cLa Santa Cena\u201d (de la Pastora Adriana Lemes). A trav\u00e9s de estas ense\u00f1anzas, mis ojos se abrieron a\u00fan m\u00e1s a esta verdad.&nbsp;En ese mismo tiempo, me mantuve firme, participando de la Santa Cena de manera intencional, declarando la Palabra y afirmando mi sanidad.<\/p><p>Cuando lleg\u00f3 el d\u00eda de la resonancia, el m\u00e9dico revis\u00f3 los resultados y me dijo algo que ya estaba en mi coraz\u00f3n: \u201cUsted est\u00e1 perfecta, no tiene nada\u201d. Yo no me sorprend\u00ed, porque ya lo cre\u00eda desde antes. Ya lo hab\u00eda recibido.<\/p><p>Desde ese momento mi vida cambi\u00f3. Empec\u00e9 a vivir de manera consciente la Palabra, a declarar las Promesas de Dios cada d\u00eda, a tomar la Santa Cena entendiendo lo que Cristo hizo por m\u00ed. Me volv\u00ed intencional en lo que hablo. Hoy puedo decir que soy una heredera de la bendici\u00f3n, y que la sanidad hace parte de mi vida.<\/p><p>Tambi\u00e9n comprend\u00ed que esto no es magia, es fe. Es conocer la voluntad de Dios, creerla, declararla, sembrarla en el coraz\u00f3n y permanecer constantes. Una palabra que me sostuvo mucho fue Josu\u00e9 1:9, que el Se\u00f1or tra\u00eda a mi mente cada d\u00eda:<\/p><p>\u201cMira que te mando que te esfuerces y seas valiente; no temas ni desmayes, porque Jehov\u00e1 tu Dios estar\u00e1 contigo en dondequiera que vayas.\u201d<\/p><p>Hoy estoy sana. Y si alg\u00fan s\u00edntoma quiere aparecer, le hablo, lo rechazo y afirmo la verdad de Dios. Vivo agradecida, porque s\u00e9 que Dios es bueno y que \u00c9l quiere lo mejor para sus hijos.<\/p><p>Hoy doy gracias a Dios por mi sanidad, por lo que ha hecho en m\u00ed, y por cada ense\u00f1anza recibida. Y aunque para m\u00ed no es f\u00e1cil hablar p\u00fablicamente, s\u00e9 que es necesario dar testimonio de lo que Dios ha hecho.<\/p><p>Todo sea para la Gloria y la Honra de nuestro Se\u00f1or.<\/p>","protected":false},"excerpt":{"rendered":"<p>Beatriz Consuelo de Pi\u00f1a recibi\u00f3 un diagn\u00f3stico que en un inicio la llen\u00f3 de temor: v\u00edas biliares obstruidas por un quiste, con s\u00edntomas intensos y limitantes.<br \/>\nSin embargo, decidi\u00f3 enfrentar ese temor aferr\u00e1ndose a su herencia de sanidad en Cristo.<br \/>\nHoy, su testimonio puede fortalecer tu fe.<\/p>\n","protected":false},"author":2,"featured_media":74079,"comment_status":"open","ping_status":"open","sticky":false,"template":"","format":"standard","meta":{"footnotes":""},"categories":[50],"tags":[472,1314,1313,468],"class_list":["post-74078","post","type-post","status-publish","format-standard","has-post-thumbnail","hentry","category-articulo","tag-iglesia-palabra-pura","tag-pero-dios-me-adopto-como-su-hija","tag-quede-huerfana","tag-testimonios"],"_links":{"self":[{"href":"https:\/\/iglesiapalabrapura.com\/site\/wp-json\/wp\/v2\/posts\/74078","targetHints":{"allow":["GET"]}}],"collection":[{"href":"https:\/\/iglesiapalabrapura.com\/site\/wp-json\/wp\/v2\/posts"}],"about":[{"href":"https:\/\/iglesiapalabrapura.com\/site\/wp-json\/wp\/v2\/types\/post"}],"author":[{"embeddable":true,"href":"https:\/\/iglesiapalabrapura.com\/site\/wp-json\/wp\/v2\/users\/2"}],"replies":[{"embeddable":true,"href":"https:\/\/iglesiapalabrapura.com\/site\/wp-json\/wp\/v2\/comments?post=74078"}],"version-history":[{"count":2,"href":"https:\/\/iglesiapalabrapura.com\/site\/wp-json\/wp\/v2\/posts\/74078\/revisions"}],"predecessor-version":[{"id":74081,"href":"https:\/\/iglesiapalabrapura.com\/site\/wp-json\/wp\/v2\/posts\/74078\/revisions\/74081"}],"wp:featuredmedia":[{"embeddable":true,"href":"https:\/\/iglesiapalabrapura.com\/site\/wp-json\/wp\/v2\/media\/74079"}],"wp:attachment":[{"href":"https:\/\/iglesiapalabrapura.com\/site\/wp-json\/wp\/v2\/media?parent=74078"}],"wp:term":[{"taxonomy":"category","embeddable":true,"href":"https:\/\/iglesiapalabrapura.com\/site\/wp-json\/wp\/v2\/categories?post=74078"},{"taxonomy":"post_tag","embeddable":true,"href":"https:\/\/iglesiapalabrapura.com\/site\/wp-json\/wp\/v2\/tags?post=74078"}],"curies":[{"name":"wp","href":"https:\/\/api.w.org\/{rel}","templated":true}]}}