{"id":74538,"date":"2026-09-04T05:00:00","date_gmt":"2026-09-04T10:00:00","guid":{"rendered":"https:\/\/iglesiapalabrapura.com\/site\/?p=74538"},"modified":"2026-09-03T12:48:48","modified_gmt":"2026-09-03T17:48:48","slug":"testimonios-108","status":"publish","type":"post","link":"https:\/\/iglesiapalabrapura.com\/site\/testimonios-108\/","title":{"rendered":"TESTIMONIOS"},"content":{"rendered":"\n<h2 class=\"wp-block-heading\"><p class=\"15\"><\/p><strong><strong><strong><strong><strong><strong><strong><strong><strong><strong><strong><strong><strong><strong><strong><strong><strong><strong><strong><strong><strong><strong><strong><strong><strong><strong><strong><strong>EL D\u00cdA QUE TODO COBR\u00d3 SENTIDO<\/strong><\/strong><\/strong><\/strong><\/strong><\/strong><\/strong><\/strong><\/strong><\/strong><\/strong><\/strong><\/strong><\/strong><\/strong><\/strong><\/strong><\/strong><\/strong><\/strong><\/strong><\/strong><\/strong><\/strong><\/strong><\/strong><\/strong><\/strong><p class=\"15\"><\/p><\/h2>\n\n\n\n<p class=\"wp-block-paragraph\">Mi nombre es Mar\u00eda Jos\u00e9 S\u00e1nchez Arismendy, soy miembro presencial de Iglesia Palabra Pura y Blaze Connection, hoy quiero compartir c\u00f3mo Dios transform\u00f3 mi vida cuando me encontraba en uno de los momentos m\u00e1s dif\u00edciles que hab\u00eda vivido. Durante mucho tiempo me sent\u00ed vac\u00eda, sin prop\u00f3sito y fuera de lugar; desde que llegamos a Pereira comenc\u00e9 a experimentar una profunda tristeza y aunque asist\u00eda a la iglesia junto a mis padres, realmente no entend\u00eda lo que Dios hab\u00eda hecho por m\u00ed. Escuchaba las ense\u00f1anzas, pero no las aplicaba a mi vida ni permit\u00eda que llegaran a mi coraz\u00f3n, en pocas palabras, iba porque mis padres me obligaban, ya que el no ir a la Iglesia no era negociable, si o s\u00ed deb\u00eda ir, domingos, mi\u00e9rcoles y s\u00e1bado, por lo tanto, mi relaci\u00f3n con Dios era superficial.<\/p>\n\n\n\n<p class=\"wp-block-paragraph\">Con el paso del tiempo mi situaci\u00f3n emocional empeor\u00f3, pues estaba en el proceso de ingresar a la universidad para estudiar Medicina, una carrera que siempre hab\u00eda so\u00f1ado. Sin embargo, no fui admitida por una diferencia m\u00ednima en el puntaje; aquello me afect\u00f3 profundamente y comenc\u00e9 a cuestionarme muchas cosas. Recuerdo acostarme por las noches pregunt\u00e1ndole a Dios por qu\u00e9 estaba aqu\u00ed y cu\u00e1l era el prop\u00f3sito de mi vida, ya que, sent\u00eda que no avanzaba, que no estaba logrando nada y que simplemente exist\u00eda sin una raz\u00f3n; en varias ocasiones pens\u00e9 en quitarme la vida, aunque nunca lo intent\u00e9, pero cada d\u00eda me despertaba con una profunda tristeza y sin encontrarle sentido a lo que estaba viviendo.<\/p>\n\n\n\n<p class=\"wp-block-paragraph\">En medio de esa etapa lleg\u00f3 el Desaf\u00edo de J\u00f3venes de Iglesia Palabra Pura; aunque en ocasiones anteriores hab\u00eda evitado participar, esta vez mi mam\u00e1 me dijo que fuera y me inscribi\u00f3, aunque no quer\u00eda ir, esto no era algo negociable en mi familia. Honestamente, fui sin expectativas y sin muchas ganas de estar all\u00ed. Sin embargo, desde el primer d\u00eda algo comenz\u00f3 a cambiar, pues a trav\u00e9s de las actividades, las ense\u00f1anzas y los momentos de reflexi\u00f3n, Dios empez\u00f3 a hablar a mi coraz\u00f3n. La ense\u00f1anza final impact\u00f3 profundamente mi vida porque entend\u00ed algo que hab\u00eda escuchado muchas veces, pero que nunca hab\u00eda comprendido realmente y era que Jes\u00fas hab\u00eda dado Su vida por m\u00ed y Dios ten\u00eda un prop\u00f3sito espec\u00edfico para mi vida.<\/p>\n\n\n\n<p class=\"wp-block-paragraph\">Tambi\u00e9n comprend\u00ed que hab\u00eda estado viviendo una fe superficial, ya que Dios era parte de mis domingos y mi\u00e9rcoles, pero no de mi d\u00eda a d\u00eda. En consecuencia, hab\u00eda dejado que mis emociones gobernaran mi manera de pensar y hab\u00eda olvidado caminar por fe. A partir de ese momento todo comenz\u00f3 a verse diferente, entend\u00ed que quiz\u00e1s no hab\u00eda ingresado a la universidad porque Dios estaba usando ese tiempo para prepararme y fortalecerme, as\u00ed que me permiti\u00f3 reconocer que necesitaba ra\u00edces m\u00e1s firmes en Su Palabra antes de enfrentar nuevas responsabilidades.<\/p>\n\n\n\n<p class=\"wp-block-paragraph\">Despu\u00e9s del Desaf\u00edo empec\u00e9 a buscar a Dios de manera intencional; comenc\u00e9 a estudiar la Biblia, escuchar las ense\u00f1anzas y participar activamente en la iglesia. Cada mensaje parec\u00eda responder exactamente a las preguntas que llevaba en mi coraz\u00f3n. As\u00ed que Dios tambi\u00e9n hizo una obra profunda en m\u00ed al permitirme perdonar a una persona a quien le hab\u00eda guardado resentimiento desde mi ni\u00f1ez, luego poco a poco la tristeza, la frustraci\u00f3n y el vac\u00edo fueron desapareciendo.<\/p>\n\n\n\n<p class=\"wp-block-paragraph\">Hoy puedo decir que soy una persona completamente diferente, ya no me levanto sinti\u00e9ndome sin prop\u00f3sito. Gracias al desaf\u00edo y a la ense\u00f1anza de Iglesia Palabra Pura, ahora s\u00e9 que Cristo muri\u00f3 por m\u00ed, que mi vida tiene valor y que Dios tiene un plan perfecto para mi futuro. Todav\u00eda sue\u00f1o con estudiar Medicina, pero ahora entiendo que todo ocurre en el tiempo de Dios; mientras llega esa oportunidad, me estoy preparando, creciendo en Su Palabra y confiando en Su voluntad.Hoy doy gracias a Dios por todo lo que ha hecho en mi vida y puedo decir que aquel desaf\u00edo marc\u00f3 un antes y un despu\u00e9s en mi vida, pues Dios transform\u00f3 mi manera de pensar, llen\u00f3 el vac\u00edo que hab\u00eda en mi coraz\u00f3n, me dio prop\u00f3sito y me mostr\u00f3 que la verdadera plenitud s\u00f3lo se encuentra en \u00c9l. &nbsp;&nbsp;&nbsp;<\/p>\n","protected":false},"excerpt":{"rendered":"<p>Durante mucho tiempo se sinti\u00f3 vac\u00eda y sin prop\u00f3sito, pero hoy Mar\u00eda Jos\u00e9 comparte c\u00f3mo pas\u00f3 de la frustraci\u00f3n y la tristeza a vivir con prop\u00f3sito, esperanza y una fe firme.<\/p>\n","protected":false},"author":2,"featured_media":74551,"comment_status":"open","ping_status":"open","sticky":false,"template":"","format":"standard","meta":{"footnotes":""},"categories":[50],"tags":[1360,472,468],"class_list":["post-74538","post","type-post","status-publish","format-standard","has-post-thumbnail","hentry","category-articulo","tag-el-dia-que-todo-cobro-sentido","tag-iglesia-palabra-pura","tag-testimonios"],"_links":{"self":[{"href":"https:\/\/iglesiapalabrapura.com\/site\/wp-json\/wp\/v2\/posts\/74538","targetHints":{"allow":["GET"]}}],"collection":[{"href":"https:\/\/iglesiapalabrapura.com\/site\/wp-json\/wp\/v2\/posts"}],"about":[{"href":"https:\/\/iglesiapalabrapura.com\/site\/wp-json\/wp\/v2\/types\/post"}],"author":[{"embeddable":true,"href":"https:\/\/iglesiapalabrapura.com\/site\/wp-json\/wp\/v2\/users\/2"}],"replies":[{"embeddable":true,"href":"https:\/\/iglesiapalabrapura.com\/site\/wp-json\/wp\/v2\/comments?post=74538"}],"version-history":[{"count":1,"href":"https:\/\/iglesiapalabrapura.com\/site\/wp-json\/wp\/v2\/posts\/74538\/revisions"}],"predecessor-version":[{"id":74539,"href":"https:\/\/iglesiapalabrapura.com\/site\/wp-json\/wp\/v2\/posts\/74538\/revisions\/74539"}],"wp:featuredmedia":[{"embeddable":true,"href":"https:\/\/iglesiapalabrapura.com\/site\/wp-json\/wp\/v2\/media\/74551"}],"wp:attachment":[{"href":"https:\/\/iglesiapalabrapura.com\/site\/wp-json\/wp\/v2\/media?parent=74538"}],"wp:term":[{"taxonomy":"category","embeddable":true,"href":"https:\/\/iglesiapalabrapura.com\/site\/wp-json\/wp\/v2\/categories?post=74538"},{"taxonomy":"post_tag","embeddable":true,"href":"https:\/\/iglesiapalabrapura.com\/site\/wp-json\/wp\/v2\/tags?post=74538"}],"curies":[{"name":"wp","href":"https:\/\/api.w.org\/{rel}","templated":true}]}}